{"id":1788,"date":"2026-03-12T15:18:27","date_gmt":"2026-03-12T12:18:27","guid":{"rendered":"https:\/\/www.eftal.net\/?p=1788"},"modified":"2026-03-12T15:21:12","modified_gmt":"2026-03-12T12:21:12","slug":"texprocess-forum-frankfurt","status":"publish","type":"post","link":"https:\/\/www.eftal.net\/en\/2026\/03\/12\/texprocess-forum-frankfurt\/","title":{"rendered":"Texprocess Forum Frankfurt"},"content":{"rendered":"<figure class=\"wp-block-image size-full\"><img fetchpriority=\"high\" decoding=\"async\" width=\"950\" height=\"250\" src=\"https:\/\/www.eftal.net\/wp-content\/uploads\/2026\/03\/1d733e3.jpg\" alt=\"\" class=\"wp-image-1794\" srcset=\"https:\/\/www.eftal.net\/wp-content\/uploads\/2026\/03\/1d733e3.jpg 950w, https:\/\/www.eftal.net\/wp-content\/uploads\/2026\/03\/1d733e3-300x79.jpg 300w, https:\/\/www.eftal.net\/wp-content\/uploads\/2026\/03\/1d733e3-768x202.jpg 768w, https:\/\/www.eftal.net\/wp-content\/uploads\/2026\/03\/1d733e3-18x5.jpg 18w, https:\/\/www.eftal.net\/wp-content\/uploads\/2026\/03\/1d733e3-600x158.jpg 600w, https:\/\/www.eftal.net\/wp-content\/uploads\/2026\/03\/1d733e3-150x39.jpg 150w\" sizes=\"(max-width: 950px) 100vw, 950px\" \/><\/figure>\n\n\n\n<p>Insgesamt kamen 273 Aussteller aus 33 L\u00e4ndern vom 04. bis 07. Mai 2015 zur internationalen Leitmesse f\u00fcr die Verarbeitung von textilen und flexiblen Materialien nach Frankfurt am Main.<\/p>\n\n\n\n<p>Zu den Top-Besucher-L\u00e4nder neben Deutschland z\u00e4hlten Italien, Rum\u00e4nien, Polen, Portugal, die T\u00fcrkei, Frankreich, Gro\u00dfbritannien, Spanien, Bulgarien und die Russische F\u00f6rderation. Die Zahl der Fachbesucher stieg insbesondere aus \u00c4gypten, Bangladesch, Bulgarien, Polen, Portugal and Sri Lanka deutlich.<\/p>\n\n\n\n<p>Auf gro\u00dfartige Resonanz stie\u00df das Texprocess Forum mit hochkar\u00e4tigen Vortr\u00e4gen zu den Themen Corporate Social Responsibility, Industrie 4.0?, Logistik \/ Supply Chain Management?, Nachhaltigkeit und Sozialstandards?, neue 3D-Technologien f\u00fcr die Bekleidung, Qualit\u00e4tsmanagement und Qualit\u00e4tssicherung und Sourcing Trends<\/p>\n\n\n\n<p>An allen vier Messetagen pr\u00e4sentierten namhafte Referenten aus Wissenschaft und Wirtschaft in 46 Vortr\u00e4gen und Panel Discussions aktuelle Erkenntnisse zu den Leitthemen der Branche.<\/p>\n\n\n\n<p>Gestartet ist das texprocess Forum im Jahre 2011 mit 943 Teilnehmer und wir freuen uns ganz besonders dass wir dieses Jahr 1570 Besucher begr\u00fc\u00dfen durften.<\/p>\n\n\n\n<p>Das Forum bietet sowohl den Referenten wie auch den Besuchern eine Plattform die dem internationalen Austausch dient.<\/p>\n\n\n\n<p>Das Vortragsprogramm wurde vom Dialog Textil-Bekleidung unter Mitwirkung der Mitgliedsfirmen und Netzwerkpartner zusammen gestellt.<\/p>","protected":false},"excerpt":{"rendered":"Insgesamt kamen 273 Aussteller aus 33 L\u00e4ndern vom 04. bis 07. Mai 2015 zur internationalen Leitmesse f\u00fcr die Verarbeitung von textilen und flexiblen Materialien nach Frankfurt am Main. Zu den Top-Besucher-L\u00e4nder neben Deutschland z\u00e4hlten Italien, Rum\u00e4nien, Polen, Portugal, die T\u00fcrkei, Frankreich, Gro\u00dfbritannien, Spanien, Bulgarien und die Russische F\u00f6rderation. Die Zahl der Fachbesucher stieg insbesondere aus","protected":false},"author":1,"featured_media":1786,"comment_status":"open","ping_status":"open","sticky":false,"template":"","format":"standard","meta":{"inline_featured_image":false,"footnotes":""},"categories":[1],"tags":[],"class_list":["post-1788","post","type-post","status-publish","format-standard","has-post-thumbnail","hentry","category-genel"],"_links":{"self":[{"href":"https:\/\/www.eftal.net\/en\/wp-json\/wp\/v2\/posts\/1788","targetHints":{"allow":["GET"]}}],"collection":[{"href":"https:\/\/www.eftal.net\/en\/wp-json\/wp\/v2\/posts"}],"about":[{"href":"https:\/\/www.eftal.net\/en\/wp-json\/wp\/v2\/types\/post"}],"author":[{"embeddable":true,"href":"https:\/\/www.eftal.net\/en\/wp-json\/wp\/v2\/users\/1"}],"replies":[{"embeddable":true,"href":"https:\/\/www.eftal.net\/en\/wp-json\/wp\/v2\/comments?post=1788"}],"version-history":[{"count":2,"href":"https:\/\/www.eftal.net\/en\/wp-json\/wp\/v2\/posts\/1788\/revisions"}],"predecessor-version":[{"id":1795,"href":"https:\/\/www.eftal.net\/en\/wp-json\/wp\/v2\/posts\/1788\/revisions\/1795"}],"wp:featuredmedia":[{"embeddable":true,"href":"https:\/\/www.eftal.net\/en\/wp-json\/wp\/v2\/media\/1786"}],"wp:attachment":[{"href":"https:\/\/www.eftal.net\/en\/wp-json\/wp\/v2\/media?parent=1788"}],"wp:term":[{"taxonomy":"category","embeddable":true,"href":"https:\/\/www.eftal.net\/en\/wp-json\/wp\/v2\/categories?post=1788"},{"taxonomy":"post_tag","embeddable":true,"href":"https:\/\/www.eftal.net\/en\/wp-json\/wp\/v2\/tags?post=1788"}],"curies":[{"name":"wp","href":"https:\/\/api.w.org\/{rel}","templated":true}]}}