{"id":1803,"date":"2026-03-12T15:25:54","date_gmt":"2026-03-12T12:25:54","guid":{"rendered":"https:\/\/www.eftal.net\/?p=1803"},"modified":"2026-03-12T15:26:00","modified_gmt":"2026-03-12T12:26:00","slug":"vortrag-bei-dtb-aktuelle-entwicklungen-in-der-turkei","status":"publish","type":"post","link":"https:\/\/www.eftal.net\/de\/2026\/03\/12\/vortrag-bei-dtb-aktuelle-entwicklungen-in-der-turkei\/","title":{"rendered":"Vortrag beim DTB - Aktuelle Entwicklungen in der T\u00fcrkei"},"content":{"rendered":"<figure class=\"wp-block-image size-large\"><img fetchpriority=\"high\" decoding=\"async\" width=\"1024\" height=\"158\" src=\"https:\/\/www.eftal.net\/wp-content\/uploads\/2026\/03\/199a386-1024x158.png\" alt=\"\" class=\"wp-image-1804\" srcset=\"https:\/\/www.eftal.net\/wp-content\/uploads\/2026\/03\/199a386-1024x158.png 1024w, https:\/\/www.eftal.net\/wp-content\/uploads\/2026\/03\/199a386-300x46.png 300w, https:\/\/www.eftal.net\/wp-content\/uploads\/2026\/03\/199a386-768x119.png 768w, https:\/\/www.eftal.net\/wp-content\/uploads\/2026\/03\/199a386-18x3.png 18w, https:\/\/www.eftal.net\/wp-content\/uploads\/2026\/03\/199a386-600x93.png 600w, https:\/\/www.eftal.net\/wp-content\/uploads\/2026\/03\/199a386-150x23.png 150w, https:\/\/www.eftal.net\/wp-content\/uploads\/2026\/03\/199a386.png 1281w\" sizes=\"(max-width: 1024px) 100vw, 1024px\" \/><\/figure>\n\n\n\n<p><strong>DTB Arbeitskreis Texlog<\/strong><\/p>\n\n\n\n<p>Liebe DTB-Mitglieder,<\/p>\n\n\n\n<p>Sehr geehrte Damen und Herren,<\/p>\n\n\n\n<p>zu unserem n\u00e4chsten Arbeitskreis zum Thema Logistik m\u00f6chten wir Sie recht herzlich einladen.<\/p>\n\n\n\n<p>Da wir aktuell noch keine Pr\u00e4senzveranstaltungen durchf\u00fchren, freuen wir uns auf einen<br><br><strong>Interaktive Logistik Tag am 15.9.2021 ab 9.30 Uhr.<\/strong><\/p>\n\n\n\n<p><strong>Wir haben auch dieses Mal wieder Spitzenreferenten gewinnen k\u00f6nnen, die uns zu brandaktuellen Themen berichten, auch der Austausch untereinander und das Netzwerken werden nicht zu kurz kommen.<\/strong><\/p>\n\n\n\n<p><strong><u>Tagungsprogramm:<\/u><\/strong><\/p>\n\n\n\n<p><strong>Arbeitskreisleitung:<\/strong><br>Leonhard Kiel, Barth + Co. Spedition GmbH &amp; Co. KG und DTB Vorstandsvorsitzender<\/p>\n\n\n\n<p><strong>Moderation:<\/strong><br>Maria Prahl, Arbeiten zwischen den Kulturen<\/p>\n\n\n\n<p><strong>9.00 Uhr Technik Check<\/strong><\/p>\n\n\n\n<p><strong>9.30 Uhr Begr\u00fc\u00dfung durch den Arbeitskreisleiter Leonhard Kiel und die Moderatorin Maria Prahl<\/strong><\/p>\n\n\n\n<p><strong>10.00 Uhr<\/strong>&nbsp;&nbsp;&nbsp;&nbsp;&nbsp;&nbsp;&nbsp;&nbsp;&nbsp;&nbsp;&nbsp;&nbsp;&nbsp;<strong>Tafel 1<\/strong><\/p>\n\n\n\n<p><strong>Go Live in der Pandemie - Wie Breuninger sein neues Logistikzentrum w\u00e4hrend der Corona Krise in Betrieb genommen hat<\/strong><\/p>\n\n\n\n<p>Dirk Decking, Leitung Logistik, E. Breuninger GmbH &amp; Co,<\/p>\n\n\n\n<p><strong>E-Commerce in Zeiten der Pandemie - Herausforderungen an die gesamte Lieferkette<\/strong><\/p>\n\n\n\n<p>Karsten \u00d6lmann, Leiter E-Commerce, ITG GmbH Internationale Spedition und Logistik<br><strong>&nbsp; &nbsp; &nbsp; &nbsp; &nbsp; &nbsp;<\/strong><br>&nbsp;<\/p>\n\n\n\n<p><strong>10.40 Uhr Fragen der Teilnehmer<\/strong><\/p>\n\n\n\n<p><strong>11.00 Uhr Breakout Session<\/strong><\/p>\n\n\n\n<p><strong>11.20 Uhr Panel 2<\/strong><\/p>\n\n\n\n<p><strong>Logistik Update International<\/strong><br>Kerstin Venhoven, Global Key Account Managerin Consumer &amp; Fashion Solution Center, K\u00fchne + Nagel (AG &amp; Co.) KG<\/p>\n\n\n\n<p><strong>11.35 Uhr Workshops<\/strong><\/p>\n\n\n\n<p><strong>&nbsp;&nbsp;&nbsp;&nbsp;&nbsp;&nbsp;&nbsp;&nbsp;&nbsp;&nbsp;&nbsp;&nbsp;&nbsp;&nbsp;&nbsp;&nbsp;&nbsp;&nbsp;&nbsp;&nbsp;&nbsp;&nbsp;&nbsp;&nbsp;&nbsp;&nbsp;&nbsp; Workshop 1: Aktuelle Herausforderungen in der Logistik<\/strong><\/p>\n\n\n\n<p>Uwe Riechel, Business Development Manager Mode &amp; Sport,<br>Luft- und Seelogistik, DACHSER SE<\/p>\n\n\n\n<p><strong>Workshop 2: Trends in der Lieferkette 2021<\/strong><\/p>\n\n\n\n<p>Tobias Grabler, COO Topo Solutions<br><strong>Workshop 3: Aktuelle Entwicklungen in der T\u00fcrkei<\/strong><br>Esra Caglarer, Kontrolleurin<br><strong>12.05 Uhr Zusammenfassung der Workshop-Ergebnisse<\/strong><br>Guido Brackelsberg, Setlog GmbH<\/p>\n\n\n\n<p><strong>12.15 Uhr Pause<\/strong><br><strong>12.40 Uhr&nbsp;&nbsp;&nbsp;&nbsp;&nbsp;&nbsp;&nbsp;&nbsp;&nbsp;&nbsp;<\/strong><strong>Tafel 3<\/strong><br>&nbsp;<\/p>\n\n\n\n<p><strong>BARTH+CO - Nachhaltigkeit in einem mittelst\u00e4ndischen Logistikunternehmen\u201c<\/strong><br>Alexander Barth, BARTH+CO SPEDITION GmbH &amp; Co. KG<\/p>\n\n\n\n<p><strong>Werterhaltung - Focus Retoure - Chancen einer effizienten Retourenabwicklung<\/strong><br>Hans Hermann Bergmann, Meyer &amp; Meyer Holding SE &amp; Co.KG<\/p>\n\n\n\n<p><strong>13.10 Uhr Abschlussdiskussion mit den Teilnehmern<\/strong><\/p>\n\n\n\n<p><strong>13.30 Uhr Ende der Veranstaltung<\/strong><\/p>","protected":false},"excerpt":{"rendered":"DTB Arbeitskreis Texlog Liebe DTB Mitglieder, sehr geehrte Damen und Herren, zu unserem n\u00e4chsten Arbeitskreis zum Thema Logistik m\u00f6chten wir Sie recht herzlich einladen. Da wir aktuell keine Pr\u00e4senzveranstaltungen mehr durchzuf\u00fchren haben, freuen wir uns auf einen Interaktiven Logistik Tag am 15.9.2021 ab 9.30 Uhr. Wir haben auch dieses Mal wieder Spitzenreferenten gewinnen k\u00f6nnen, die uns","protected":false},"author":1,"featured_media":1786,"comment_status":"open","ping_status":"open","sticky":false,"template":"","format":"standard","meta":{"inline_featured_image":false,"footnotes":""},"categories":[1],"tags":[],"class_list":["post-1803","post","type-post","status-publish","format-standard","has-post-thumbnail","hentry","category-genel"],"_links":{"self":[{"href":"https:\/\/www.eftal.net\/de\/wp-json\/wp\/v2\/posts\/1803","targetHints":{"allow":["GET"]}}],"collection":[{"href":"https:\/\/www.eftal.net\/de\/wp-json\/wp\/v2\/posts"}],"about":[{"href":"https:\/\/www.eftal.net\/de\/wp-json\/wp\/v2\/types\/post"}],"author":[{"embeddable":true,"href":"https:\/\/www.eftal.net\/de\/wp-json\/wp\/v2\/users\/1"}],"replies":[{"embeddable":true,"href":"https:\/\/www.eftal.net\/de\/wp-json\/wp\/v2\/comments?post=1803"}],"version-history":[{"count":1,"href":"https:\/\/www.eftal.net\/de\/wp-json\/wp\/v2\/posts\/1803\/revisions"}],"predecessor-version":[{"id":1805,"href":"https:\/\/www.eftal.net\/de\/wp-json\/wp\/v2\/posts\/1803\/revisions\/1805"}],"wp:featuredmedia":[{"embeddable":true,"href":"https:\/\/www.eftal.net\/de\/wp-json\/wp\/v2\/media\/1786"}],"wp:attachment":[{"href":"https:\/\/www.eftal.net\/de\/wp-json\/wp\/v2\/media?parent=1803"}],"wp:term":[{"taxonomy":"category","embeddable":true,"href":"https:\/\/www.eftal.net\/de\/wp-json\/wp\/v2\/categories?post=1803"},{"taxonomy":"post_tag","embeddable":true,"href":"https:\/\/www.eftal.net\/de\/wp-json\/wp\/v2\/tags?post=1803"}],"curies":[{"name":"wp","href":"https:\/\/api.w.org\/{rel}","templated":true}]}}